{"id":6367,"date":"2017-02-20T14:45:00","date_gmt":"2017-02-20T13:45:00","guid":{"rendered":"https:\/\/www.lofer.com\/?p=6367"},"modified":"2024-01-17T15:00:22","modified_gmt":"2024-01-17T14:00:22","slug":"klettern-mit-kindern-das-paradies-fuer-kraxler","status":"publish","type":"post","link":"https:\/\/www.lofer.com\/de\/klettern-mit-kindern-das-paradies-fuer-kraxler","title":{"rendered":"Klettern mit Kindern: Das Paradies f\u00fcr Kraxler"},"content":{"rendered":"<style>.kb-row-layout-id6367_2c4795-7f > .kt-row-column-wrap{align-content:start;}:where(.kb-row-layout-id6367_2c4795-7f > .kt-row-column-wrap) > .wp-block-kadence-column{justify-content:start;}.kb-row-layout-id6367_2c4795-7f > .kt-row-column-wrap{column-gap:var(--global-kb-gap-md, 2rem);row-gap:var(--global-kb-gap-md, 2rem);padding-top:var(--global-kb-spacing-sm, 1.5rem);padding-bottom:var(--global-kb-spacing-sm, 1.5rem);grid-template-columns:minmax(0, 1fr);}.kb-row-layout-id6367_2c4795-7f > .kt-row-layout-overlay{opacity:0.30;}@media all and (max-width: 1024px){.kb-row-layout-id6367_2c4795-7f > .kt-row-column-wrap{grid-template-columns:minmax(0, 1fr);}}@media all and (max-width: 767px){.kb-row-layout-id6367_2c4795-7f > .kt-row-column-wrap{grid-template-columns:minmax(0, 1fr);}}<\/style><div class=\"kb-row-layout-wrap kb-row-layout-id6367_2c4795-7f alignnone wp-block-kadence-rowlayout\"><div class=\"kt-row-column-wrap kt-has-1-columns kt-row-layout-equal kt-tab-layout-inherit kt-mobile-layout-row kt-row-valign-top\">\n<style>.kadence-column6367_04f427-b5 > .kt-inside-inner-col,.kadence-column6367_04f427-b5 > .kt-inside-inner-col:before{border-top-left-radius:0px;border-top-right-radius:0px;border-bottom-right-radius:0px;border-bottom-left-radius:0px;}.kadence-column6367_04f427-b5 > .kt-inside-inner-col{column-gap:var(--global-kb-gap-sm, 1rem);}.kadence-column6367_04f427-b5 > .kt-inside-inner-col{flex-direction:column;}.kadence-column6367_04f427-b5 > .kt-inside-inner-col > .aligncenter{width:100%;}.kadence-column6367_04f427-b5 > .kt-inside-inner-col:before{opacity:0.3;}.kadence-column6367_04f427-b5{position:relative;}@media all and (max-width: 1024px){.kadence-column6367_04f427-b5 > .kt-inside-inner-col{flex-direction:column;justify-content:center;}}@media all and (max-width: 767px){.kadence-column6367_04f427-b5 > .kt-inside-inner-col{flex-direction:column;justify-content:center;}}<\/style>\n<div class=\"wp-block-kadence-column kadence-column6367_04f427-b5 inner-column-1\"><div class=\"kt-inside-inner-col\">\n<h2 class=\"wp-block-heading\">Klettern mit der ganzen Familie<\/h2>\n\n\n\n<p class=\"wp-block-paragraph\"><strong><strong><strong><strong><strong><strong>Klettern und Klettersteig-Routen f\u00fcr die ganze Familie im Bergsteigerdorf Wei\u00dfbach. Naturnahe Bergerlebnisse f\u00fcr Gro\u00df und Klein und gelebte Gastfreundschaft unter Bergfreunden verspricht die Naturpark-Gemeinde im Salzburger Saalachtal.&nbsp;<\/strong><\/strong><\/strong><\/strong><\/strong><\/strong><\/p>\n\n\n<style>.kb-row-layout-id6367_d40833-b0 > .kt-row-column-wrap{align-content:start;}:where(.kb-row-layout-id6367_d40833-b0 > .kt-row-column-wrap) > .wp-block-kadence-column{justify-content:start;}.kb-row-layout-id6367_d40833-b0 > .kt-row-column-wrap{column-gap:var(--global-kb-gap-md, 2rem);row-gap:var(--global-kb-gap-md, 2rem);padding-top:var(--global-kb-spacing-sm, 1.5rem);padding-bottom:var(--global-kb-spacing-sm, 1.5rem);grid-template-columns:repeat(2, minmax(0, 1fr));}.kb-row-layout-id6367_d40833-b0 > .kt-row-layout-overlay{opacity:0.30;}@media all and (max-width: 1024px){.kb-row-layout-id6367_d40833-b0 > .kt-row-column-wrap{grid-template-columns:repeat(2, minmax(0, 1fr));}}@media all and (max-width: 767px){.kb-row-layout-id6367_d40833-b0 > .kt-row-column-wrap{grid-template-columns:minmax(0, 1fr);}}<\/style><div class=\"kb-row-layout-wrap kb-row-layout-id6367_d40833-b0 alignnone wp-block-kadence-rowlayout\"><div class=\"kt-row-column-wrap kt-has-2-columns kt-row-layout-equal kt-tab-layout-inherit kt-mobile-layout-row kt-row-valign-top\">\n<style>.kadence-column6367_fb3fbb-a3 > .kt-inside-inner-col,.kadence-column6367_fb3fbb-a3 > .kt-inside-inner-col:before{border-top-left-radius:0px;border-top-right-radius:0px;border-bottom-right-radius:0px;border-bottom-left-radius:0px;}.kadence-column6367_fb3fbb-a3 > .kt-inside-inner-col{column-gap:var(--global-kb-gap-sm, 1rem);}.kadence-column6367_fb3fbb-a3 > .kt-inside-inner-col{flex-direction:column;}.kadence-column6367_fb3fbb-a3 > .kt-inside-inner-col > .aligncenter{width:100%;}.kadence-column6367_fb3fbb-a3 > .kt-inside-inner-col:before{opacity:0.3;}.kadence-column6367_fb3fbb-a3{position:relative;}@media all and (max-width: 1024px){.kadence-column6367_fb3fbb-a3 > .kt-inside-inner-col{flex-direction:column;justify-content:center;}}@media all and (max-width: 767px){.kadence-column6367_fb3fbb-a3 > .kt-inside-inner-col{flex-direction:column;justify-content:center;}}<\/style>\n<div class=\"wp-block-kadence-column kadence-column6367_fb3fbb-a3 inner-column-1\"><div class=\"kt-inside-inner-col\">\n<p class=\"wp-block-paragraph\">F\u00fcr unseren sportlichen Familienurlaub haben wir das Bergsteigerdorf Wei\u00dfbach im&nbsp;<strong><a href=\"https:\/\/www.lofer.com\/de\/das-salzburger-saalachtal\/\">Salzburger Saalachtal<\/a>&nbsp;<\/strong>gew\u00e4hlt. Gemeinsam mit unseren vier- und sechsj\u00e4hrigen Jungs freuen wir uns schon seit Wochen auf das gro\u00dfe Abenteuer im Fels. Schon bei der Ankunft in Wei\u00dfbach sticht uns die un\u00fcbersehbare glatte Felswand im Ortszentrum ins Auge. \u201eSchau Papa, da klettern ganz viele Leute!\u201c, ruft mein Gro\u00dfer begeistert, der es kaum erwarten kann, selbst sein Kraxel-Talent zu beweisen.<\/p>\n\n\n\n<div style=\"height:20px\" aria-hidden=\"true\" class=\"wp-block-spacer\"><\/div>\n\n\n\n<p class=\"wp-block-paragraph\">Gleich am n\u00e4chsten Morgen treffen wir uns mit Markus Hirnb\u00f6ck von der&nbsp;<strong><a href=\"http:\/\/alpinskischule.at\/\" target=\"_blank\" rel=\"noreferrer noopener\">Alpinskischule<\/a><\/strong>. Markus begr\u00fc\u00dft uns herzlich und auf unsere Frage, ob auch unser Vierj\u00e4hriger mit zum&nbsp;<strong><a href=\"https:\/\/www.lofer.com\/de\/aktiv-im-sommer\/klettern\/\">Klettern<\/a>&nbsp;<\/strong>kann, lacht er: \u201eAber nat\u00fcrlich! Kindern ist der Drang zum Kraxeln angeboren. Ich habe spezielle Komplettgurte f\u00fcr die kleinsten Kletterer und erkl\u00e4re euch auch genau, wie die Ausr\u00fcstung anzulegen ist und wie ihr euch mit Kindern am Fels und im Gel\u00e4nde bewegt.\u201c Unser Kleiner ist begeistert, als Markus ihn mit Kletterschuhen ausr\u00fcstet, auf denen ein quietschgr\u00fcnes Krokodil zu sehen ist. \u201eDamit bei\u00dft du bei jedem Schritt in die Felswand\u201c, meint der staatlich gepr\u00fcfte Berg- und Skif\u00fchrer mit einem Augenzwinkern. Auch der Gro\u00dfe h\u00fcpft schon aufgeregt um uns herum, und stolz zeigt er uns den Haifisch, der seine Kletterschuhe ziert. Zuerst gew\u00f6hnen wir uns ganz spielerisch an den Felsen. Noch ohne Gurt und Seil kraxeln wir gemeinsam in Absprungh\u00f6he. \u201eSo lernen wir das Greifen und Steigen\u201c, verk\u00fcndet Markus. Unsere Jungs meistern diese \u00dcbung perfekt und beweisen gro\u00dfes Geschick.&nbsp;<\/p>\n\n\n\n<div style=\"height:20px\" aria-hidden=\"true\" class=\"wp-block-spacer\"><\/div>\n\n\n\n<h3 class=\"wp-block-heading\">Ab in den Fels<\/h3>\n\n\n\n<p class=\"wp-block-paragraph\">Am Alpenvereins-Klettergarten an der m\u00e4chtigen Felsplatte ist es f\u00fcr uns alle dann so weit. Nach einer kleinen Knotenkunde und Theorieeinheit in Sicherung und Seilkommandos schl\u00fcpfen wir in unsere Gurte, setzen die Helme auf und sind startklar f\u00fcr die erste kleine Route. \u201eF\u00fcr den ersten Versuch wird Papa gemeinsam mit dir nach oben klettern\u201c, meint Markus zu unserem j\u00fcngsten Sohn.&nbsp;Gut gesichert vom Profi klettere ich langsam neben den Kleinen etwa zehn Meter nach oben. Dann lautet das Kommando: \u201eHineinsetzen in die Klettergurte!\u201c. Quietschend vor Vergn\u00fcgen baumeln wir an der Felswand und ganz sachte l\u00e4sst uns Markus wieder zur\u00fcck auf den Boden. \u201eNa das funktioniert ja schon prima!&nbsp;Der Gro\u00dfe und Mama k\u00f6nnen diese \u00dcbung einzeln absolvieren, w\u00e4hrend euch Papa unter meiner Aufsicht sichert\u201c, verk\u00fcndet Markus und meine Augen gl\u00e4nzen vor Stolz, als ich beobachte, wie die beiden m\u00fchelos und mutig entlang des Top-Rope Seils nach oben kraxeln.&nbsp;<\/p>\n<\/div><\/div>\n\n\n<style>.kadence-column6367_c313f7-ca > .kt-inside-inner-col,.kadence-column6367_c313f7-ca > .kt-inside-inner-col:before{border-top-left-radius:0px;border-top-right-radius:0px;border-bottom-right-radius:0px;border-bottom-left-radius:0px;}.kadence-column6367_c313f7-ca > .kt-inside-inner-col{column-gap:var(--global-kb-gap-sm, 1rem);}.kadence-column6367_c313f7-ca > .kt-inside-inner-col{flex-direction:column;}.kadence-column6367_c313f7-ca > .kt-inside-inner-col > .aligncenter{width:100%;}.kadence-column6367_c313f7-ca > .kt-inside-inner-col:before{opacity:0.3;}.kadence-column6367_c313f7-ca{position:relative;}@media all and (max-width: 1024px){.kadence-column6367_c313f7-ca > .kt-inside-inner-col{flex-direction:column;justify-content:center;}}@media all and (max-width: 767px){.kadence-column6367_c313f7-ca > .kt-inside-inner-col{flex-direction:column;justify-content:center;}}<\/style>\n<div class=\"wp-block-kadence-column kadence-column6367_c313f7-ca inner-column-2\"><div class=\"kt-inside-inner-col\">\n<p class=\"wp-block-paragraph\">Nach ein paar weiteren Versuchen ist es Zeit f\u00fcr die n\u00e4chste Herausforderung.<\/p>\n\n\n\n<div style=\"height:20px\" aria-hidden=\"true\" class=\"wp-block-spacer\"><\/div>\n\n\n\n<h3 class=\"wp-block-heading\">Die Gams Kitz&nbsp;<\/h3>\n\n\n\n<p class=\"wp-block-paragraph\">Der zweite Teil des Kurses f\u00fchrt uns in den neu errichteten Kinder-Klettersteig \u201eGams Kitz\u201c, der ebenfalls im Alpenvereins-Klettergarten startet. Dieser wartet mit einer Schwierigkeit von A\/B und einer L\u00e4nge mit 180 Meter auf uns. Markus erkl\u00e4rt uns den Ablauf: \u201eDieser&nbsp;<a href=\"https:\/\/www.lofer.com\/de\/aktiv-im-sommer\/klettern\/klettersteige\/\"><strong>Klettersteig<\/strong><\/a>&nbsp;wurde extra f\u00fcr Anf\u00e4nger und Familien \u2013 vor allem mit kleineren Kindern &#8211; errichtet. Jeder bekommt jetzt zus\u00e4tzlich Handschuhe und sein eigenes Klettersteig-Set mit zwei Karabinern zum Einh\u00e4ngen in die Stahlseil-Sicherung. Ich bleibe beim Kleinen und Papa bildet mit dem Gro\u00dfen ein Team. Denn am Klettersteig ist es wichtig, die Kinder nie alleine zu lassen. Zus\u00e4tzlich werden sie mit einem speziellen Sicherungs-Seil vom erwachsenen Teampartner gehalten.\u201c Begeistert folgt ihm unser Kleiner entlang des Stahlseils nach oben und nach und nach steigen auch wir in den Klettersteig ein. Wir kraxeln, steigen \u00fcber Stufen und halten uns bei Querungen im Stahlseil ein. Besonders Stolz sind die Jungs nat\u00fcrlich, dass sie auch den sogenannten \u201eFurchti und Angsti Quergang\u201c ohne Furcht und Angst gemeistert haben. Am Ende des Klettersteigs angekommen verk\u00fcndet Markus: \u201eHier legen wir eine Pause ein und ihr k\u00f6nnte Euch noch im Gipfelbuch verewigen.\u201c &nbsp;<\/p>\n\n\n\n<div style=\"height:20px\" aria-hidden=\"true\" class=\"wp-block-spacer\"><\/div>\n\n\n\n<h3 class=\"wp-block-heading\">Infiziert vom Klettervirus<\/h3>\n\n\n\n<p class=\"wp-block-paragraph\">Zur\u00fcck am Ausgangspunkt ist f\u00fcr uns klar: \u201eWir sind vom Klettervirus infiziert!\u201c Lachend verr\u00e4t Markus: \u201eDas geht den meisten so. Die Kinder k\u00f6nnen Montag und Donnerstag im Rahmen unseres&nbsp;<a href=\"https:\/\/www.lofer.com\/de\/aktiv-im-sommer\/familie\/kinderprogramm\/\"><strong>Sommerprogramms<\/strong><\/a>&nbsp;gleich weitermachen. Bei Sch\u00f6nwetter klettern wir am Fels, bei Schlechtwetter weichen wir in die Kletterhallte in Wei\u00dfbach aus, das ist immer ein Spa\u00df. Inzwischen k\u00f6nnen sich die Eltern im Ort ein Klettersteig-Set ausleihen und gemeinsam den Einsteigerklettersteig ,Zahme Gams\u2019 oder einen schwierigeren Klettersteig bezwingen. Oder sie schreiben sich auch f\u00fcr einen Kletterkurs ein, um sp\u00e4ter Routen im Vorstieg gehen zu k\u00f6nnen. Denn es gibt hier im Bergsteigerdorf Wei\u00dfbach noch viele weitere Kletterrouten f\u00fcr alle unterschiedlichen K\u00f6nnerstufen zu erkunden. Sicherheit und gute Ausr\u00fcstung steht dabei an oberster Stelle.\u201c Ein Blick in die Kletterbrosch\u00fcre best\u00e4tigt dies, und lachend meine ich zu meiner Frau und den Kindern: \u201eIch denke, wir werden bei diesen vielen M\u00f6glichkeiten hier im&nbsp;<a href=\"https:\/\/www.lofer.com\/de\/das-salzburger-saalachtal\/weissbach\/\"><strong>Bergsteigerdorf Wei\u00dfbach<\/strong><\/a>&nbsp;wohl Stammg\u00e4ste und mit der Zeit noch richtig gro\u00dfe Kraxler werden.\u201c Mit vor Stolz und Begeisterung gl\u00e4nzenden Augen \u00fcberlegen wir den Rest des Tages aufgeregt, welche einzigartigen Kletterabenteuer hier in Zukunft noch auf uns warten.&nbsp;<\/p>\n<\/div><\/div>\n\n<\/div><\/div>\n\n\n<p class=\"has-text-align-center wp-block-paragraph\"><\/p>\n\n\n\n<div style=\"height:30px\" aria-hidden=\"true\" class=\"wp-block-spacer\"><\/div>\n\n\n<style>.wp-block-kadence-advancedgallery .kb-gallery-type-grid.kb-gallery-id-6367_1b6211-08{margin:-5px;}.kb-gallery-type-grid.kb-gallery-id-6367_1b6211-08 .kadence-blocks-gallery-item{padding:5px;}.kb-gallery-id-6367_1b6211-08 .kadence-blocks-gallery-item .kb-gal-image-radius, .kb-gallery-id-6367_1b6211-08 .kb-slide-item .kb-gal-image-radius img{border-radius:0px 0px 0px 0px;;}<\/style><div class=\"kb-gallery-wrap-id-6367_1b6211-08 alignnone wp-block-kadence-advancedgallery\"><ul class=\"kb-gallery-ul kb-gallery-non-static kb-gallery-type-grid kb-gallery-id-6367_1b6211-08 kb-gallery-caption-style-bottom-hover kb-gallery-filter-none kb-gallery-magnific-init\" data-image-filter=\"none\" data-item-selector=\".kadence-blocks-gallery-item\" data-lightbox-caption=\"true\" data-columns-xxl=\"3\" data-columns-xl=\"3\" data-columns-md=\"3\" data-columns-sm=\"2\" data-columns-xs=\"1\" data-columns-ss=\"1\"><li class=\"kadence-blocks-gallery-item\"><div class=\"kadence-blocks-gallery-item-inner\"><figure class=\"kb-gallery-figure kb-gallery-item-has-link kadence-blocks-gallery-item-hide-caption\"><a href=\"https:\/\/www.lofer.com\/wp-content\/uploads\/2021\/09\/klettern-kinder-2.jpg\" data-description=\"Klettern mit kindern: das paradies f\u00fcr kraxler\" data-alt=\"klettern kinder\" class=\"kb-gallery-item-link\"   role=\"button\" aria-haspopup=\"dialog\" data-lbwps-width=\"900\" data-lbwps-height=\"600\" data-lbwps-srcsmall=\"https:\/\/www.lofer.com\/wp-content\/uploads\/2021\/09\/klettern-kinder-2-60x40.jpg\" data-lbwps-caption=\"Klettern mit kindern: das paradies f\u00fcr kraxler\"><div class=\"kb-gal-image-radius\"><div class=\"kb-gallery-image-contain kadence-blocks-gallery-intrinsic kb-gallery-image-ratio-land32 kb-has-image-ratio-land32\" ><img loading=\"lazy\" decoding=\"async\" src=\"https:\/\/www.lofer.com\/wp-content\/uploads\/2021\/09\/klettern-kinder-2.jpg\" width=\"900\" height=\"600\" alt=\"klettern kinder\" data-full-image=\"https:\/\/www.lofer.com\/wp-content\/uploads\/2021\/09\/klettern-kinder-2.jpg\" data-light-image=\"https:\/\/www.lofer.com\/wp-content\/uploads\/2021\/09\/klettern-kinder-2.jpg\" data-id=\"6392\" class=\"wp-image-6392\"\/><\/div><\/div><\/a><\/figure><\/div><\/li><li class=\"kadence-blocks-gallery-item\"><div class=\"kadence-blocks-gallery-item-inner\"><figure class=\"kb-gallery-figure kb-gallery-item-has-link kadence-blocks-gallery-item-hide-caption\"><a href=\"https:\/\/www.lofer.com\/wp-content\/uploads\/2021\/09\/klettern-kinder-3.jpg\" data-description=\"Klettern mit kindern: das paradies f\u00fcr kraxler\" data-alt=\"klettern kinder\" class=\"kb-gallery-item-link\"   role=\"button\" aria-haspopup=\"dialog\" data-lbwps-width=\"900\" data-lbwps-height=\"600\" data-lbwps-srcsmall=\"https:\/\/www.lofer.com\/wp-content\/uploads\/2021\/09\/klettern-kinder-3-60x40.jpg\" data-lbwps-caption=\"Klettern mit kindern: das paradies f\u00fcr kraxler\"><div class=\"kb-gal-image-radius\"><div class=\"kb-gallery-image-contain kadence-blocks-gallery-intrinsic kb-gallery-image-ratio-land32 kb-has-image-ratio-land32\" ><img loading=\"lazy\" decoding=\"async\" src=\"https:\/\/www.lofer.com\/wp-content\/uploads\/2021\/09\/klettern-kinder-3.jpg\" width=\"900\" height=\"600\" alt=\"klettern kinder\" data-full-image=\"https:\/\/www.lofer.com\/wp-content\/uploads\/2021\/09\/klettern-kinder-3.jpg\" data-light-image=\"https:\/\/www.lofer.com\/wp-content\/uploads\/2021\/09\/klettern-kinder-3.jpg\" data-id=\"6394\" class=\"wp-image-6394\"\/><\/div><\/div><\/a><\/figure><\/div><\/li><li class=\"kadence-blocks-gallery-item\"><div class=\"kadence-blocks-gallery-item-inner\"><figure class=\"kb-gallery-figure kb-gallery-item-has-link kadence-blocks-gallery-item-hide-caption\"><a href=\"https:\/\/www.lofer.com\/wp-content\/uploads\/2021\/09\/klettern-kinder-1.jpg\" data-description=\"Klettern mit kindern: das paradies f\u00fcr kraxler\" data-alt=\"klettern kinder\" class=\"kb-gallery-item-link\"   role=\"button\" aria-haspopup=\"dialog\" data-lbwps-width=\"900\" data-lbwps-height=\"600\" data-lbwps-srcsmall=\"https:\/\/www.lofer.com\/wp-content\/uploads\/2021\/09\/klettern-kinder-1-60x40.jpg\" data-lbwps-caption=\"Klettern mit kindern: das paradies f\u00fcr kraxler\"><div class=\"kb-gal-image-radius\"><div class=\"kb-gallery-image-contain kadence-blocks-gallery-intrinsic kb-gallery-image-ratio-land32 kb-has-image-ratio-land32\" ><img loading=\"lazy\" decoding=\"async\" src=\"https:\/\/www.lofer.com\/wp-content\/uploads\/2021\/09\/klettern-kinder-1.jpg\" width=\"900\" height=\"600\" alt=\"klettern kinder\" data-full-image=\"https:\/\/www.lofer.com\/wp-content\/uploads\/2021\/09\/klettern-kinder-1.jpg\" data-light-image=\"https:\/\/www.lofer.com\/wp-content\/uploads\/2021\/09\/klettern-kinder-1.jpg\" data-id=\"6396\" class=\"wp-image-6396\"\/><\/div><\/div><\/a><\/figure><\/div><\/li><\/ul><\/div><\/div><\/div>\n\n<\/div><\/div>","protected":false},"excerpt":{"rendered":"<p>Klettern mit der ganzen Familie Klettern und Klettersteig-Routen f\u00fcr die ganze Familie im Bergsteigerdorf Wei\u00dfbach. Naturnahe Bergerlebnisse f\u00fcr Gro\u00df und Klein und gelebte Gastfreundschaft unter Bergfreunden verspricht die Naturpark-Gemeinde im Salzburger Saalachtal.&nbsp; F\u00fcr unseren sportlichen Familienurlaub haben wir das Bergsteigerdorf Wei\u00dfbach im&nbsp;Salzburger Saalachtal&nbsp;gew\u00e4hlt. Gemeinsam mit unseren vier- und sechsj\u00e4hrigen Jungs freuen wir uns schon seit [&hellip;]<\/p>\n","protected":false},"author":15,"featured_media":6398,"comment_status":"closed","ping_status":"closed","sticky":false,"template":"","format":"standard","meta":{"_kad_blocks_custom_css":"","_kad_blocks_head_custom_js":"","_kad_blocks_body_custom_js":"","_kad_blocks_footer_custom_js":"","footnotes":""},"categories":[51,56,14],"tags":[109,42],"class_list":["post-6367","post","type-post","status-publish","format-standard","has-post-thumbnail","hentry","category-familie","category-klettern","category-sommer","tag-magazin","tag-sommer"],"acf":[],"taxonomy_info":{"category":[{"value":51,"label":"Familie"},{"value":56,"label":"Klettern"},{"value":14,"label":"Sommer"}],"post_tag":[{"value":109,"label":"Magazin"},{"value":42,"label":"Sommer"}]},"featured_image_src_large":["https:\/\/www.lofer.com\/wp-content\/uploads\/2021\/09\/klettern-kinder-header.jpg",1024,340,false],"author_info":{"display_name":"admin_conecto","author_link":"https:\/\/www.lofer.com\/de\/author\/admin_conecto"},"comment_info":0,"category_info":[{"term_id":51,"name":"Familie","slug":"familie","term_group":0,"term_taxonomy_id":51,"taxonomy":"category","description":"Familie","parent":0,"count":74,"filter":"raw","cat_ID":51,"category_count":74,"category_description":"Familie","cat_name":"Familie","category_nicename":"familie","category_parent":0},{"term_id":56,"name":"Klettern","slug":"klettern","term_group":0,"term_taxonomy_id":56,"taxonomy":"category","description":"Klettern","parent":0,"count":9,"filter":"raw","cat_ID":56,"category_count":9,"category_description":"Klettern","cat_name":"Klettern","category_nicename":"klettern","category_parent":0},{"term_id":14,"name":"Sommer","slug":"sommer","term_group":0,"term_taxonomy_id":14,"taxonomy":"category","description":"Sommer","parent":0,"count":227,"filter":"raw","cat_ID":14,"category_count":227,"category_description":"Sommer","cat_name":"Sommer","category_nicename":"sommer","category_parent":0}],"tag_info":[{"term_id":109,"name":"Magazin","slug":"magazin","term_group":0,"term_taxonomy_id":109,"taxonomy":"post_tag","description":"Magazin","parent":0,"count":114,"filter":"raw"},{"term_id":42,"name":"Sommer","slug":"sommer","term_group":0,"term_taxonomy_id":42,"taxonomy":"post_tag","description":"Sommer","parent":0,"count":193,"filter":"raw"}],"_links":{"self":[{"href":"https:\/\/www.lofer.com\/de\/wp-json\/wp\/v2\/posts\/6367","targetHints":{"allow":["GET"]}}],"collection":[{"href":"https:\/\/www.lofer.com\/de\/wp-json\/wp\/v2\/posts"}],"about":[{"href":"https:\/\/www.lofer.com\/de\/wp-json\/wp\/v2\/types\/post"}],"author":[{"embeddable":true,"href":"https:\/\/www.lofer.com\/de\/wp-json\/wp\/v2\/users\/15"}],"replies":[{"embeddable":true,"href":"https:\/\/www.lofer.com\/de\/wp-json\/wp\/v2\/comments?post=6367"}],"version-history":[{"count":0,"href":"https:\/\/www.lofer.com\/de\/wp-json\/wp\/v2\/posts\/6367\/revisions"}],"wp:featuredmedia":[{"embeddable":true,"href":"https:\/\/www.lofer.com\/de\/wp-json\/wp\/v2\/media\/6398"}],"wp:attachment":[{"href":"https:\/\/www.lofer.com\/de\/wp-json\/wp\/v2\/media?parent=6367"}],"wp:term":[{"taxonomy":"category","embeddable":true,"href":"https:\/\/www.lofer.com\/de\/wp-json\/wp\/v2\/categories?post=6367"},{"taxonomy":"post_tag","embeddable":true,"href":"https:\/\/www.lofer.com\/de\/wp-json\/wp\/v2\/tags?post=6367"}],"curies":[{"name":"wp","href":"https:\/\/api.w.org\/{rel}","templated":true}]}}